{"id":176,"date":"2021-07-21T15:41:59","date_gmt":"2021-07-21T15:41:59","guid":{"rendered":"https:\/\/oracionsanta.com\/pt\/?p=176"},"modified":"2021-06-02T15:42:34","modified_gmt":"2021-06-02T15:42:34","slug":"oracao-para-comecar-a-semana","status":"publish","type":"post","link":"https:\/\/oracionsanta.com\/pt\/oracao-para-comecar-a-semana\/","title":{"rendered":"Ora\u00e7\u00e3o Para Come\u00e7ar A Semana"},"content":{"rendered":"<div>\n<p>Se voc\u00ea precisar de uma ora\u00e7\u00e3o para <strong>aben\u00e7oar <\/strong>sua semana e comece com o melhor das vibra\u00e7\u00f5es, recomendo cada uma dessas invoca\u00e7\u00f5es, que o ajudar\u00e3o a ser capaz de levantar um <strong>gratid\u00e3o <\/strong>pelas b\u00ean\u00e7\u00e3os dos velhos e dos novos dias.<\/p>\n<p>Conquistas <strong>Come\u00e7ar <\/strong>sua semana com a melhor atitude e <strong>acordar<\/strong> sentindo em todos os momentos a presen\u00e7a do pai eterno.<\/p>\n<h2><span id=\"Oracion_para_comenzar_la_semana_santa\">Ora\u00e7\u00e3o para come\u00e7ar a semana santa<\/span><\/h2>\n<p><img loading=\"lazy\" decoding=\"async\"  class=\"aligncenter size-full wp-image-228\" src=\"data:image\/gif,GIF89a%01%00%01%00%80%00%00%00%00%00%FF%FF%FF%21%F9%04%01%00%00%00%00%2C%00%00%00%00%01%00%01%00%00%02%01D%00%3B\" data-layzr=\"https:\/\/oracionsanta.com\/pt\/wp-content\/uploads\/oracao-para-comecar-a-semana.jpg\" alt=\"oracao para comecar a semana\" width=\"359\" height=\"200\" \/><\/p>\n<p>D\u00ea o <strong>Obrigada <\/strong>para o in\u00edcio da semana principal, e pergunte por cada um dos seus problemas para que possa encontrar uma solu\u00e7\u00e3o r\u00e1pida e pr\u00e1tica que responda aos pedidos do seu cora\u00e7\u00e3o.<\/p>\n<div class=\"oracion\">\n<div class=\"oracionContainer\">\n<div class=\"oracionContent\">\n<p style=\"text-align: center;\">Virgem da gra\u00e7a,<br \/>\nVoc\u00ea que viveu momentos dif\u00edceis,<br \/>\nCheio de dificuldade<br \/>\nDe dor e desespero<br \/>\nE ainda assim voc\u00ea manteve sua posi\u00e7\u00e3o<br \/>\nCom seu amor e f\u00e9 para com o pai,<br \/>\nDeixe meu cora\u00e7\u00e3o ficar assim<br \/>\nQue este come\u00e7o da semana principal,<br \/>\nPurificar minha alma<br \/>\nE que o meu amor seja sempre o seu,<br \/>\nE eu sou digno de suas b\u00ean\u00e7\u00e3os,<br \/>\nQue eu imploro que voc\u00ea sempre multiplique,<br \/>\nCom amor,<br \/>\nEu te imploro m\u00e3e,<br \/>\nUm homem.<\/p>\n<\/div>\n<\/div>\n<\/div>\n<h3><span id=\"Oracion_para_comenzar_la_semana_de_trabajo\">Ora\u00e7\u00e3o para come\u00e7ar a semana de trabalho<\/span><\/h3>\n<p>Antes de come\u00e7ar sua semana de trabalho, dedique alguns minutos ao esp\u00edrito do criador e dedique-se <strong>Esta nova <\/strong>dia que vai come\u00e7ar, para que seja repleto das melhores b\u00ean\u00e7\u00e3os para ti.<\/p>\n<div class=\"oracion\">\n<div class=\"oracionContainer\">\n<div class=\"oracionContent\">\n<p style=\"text-align: center;\">Espirito Santo,<br \/>\nAntes de come\u00e7ar meu dia de trabalho,<br \/>\nQue a semana me consome,<br \/>\nEntre meu trabalho e minha fam\u00edlia,<br \/>\nEu dedico esse tempo a voc\u00ea<br \/>\nPara o seu amor infinito,<br \/>\nCompreens\u00e3o e grandeza,<br \/>\nPara continuar na luta constante,<br \/>\nApaixonado,<br \/>\nE fa\u00e7a parte das b\u00ean\u00e7\u00e3os do senhor<br \/>\nQue cada dia de trabalho seja feliz,<br \/>\nDe prosperidade e oportunidades,<br \/>\nAscender,<br \/>\nE sempre viva no seu amor<br \/>\nUm homem.<\/p>\n<\/div>\n<\/div>\n<\/div>\n<h3><span id=\"Oracion_para_iniciar_la_semana_de_clases\">Ora\u00e7\u00e3o para come\u00e7ar a semana de aulas<\/span><\/h3>\n<p>O <strong>Segunda-feira <\/strong>Ore estas linhas antes de sair de casa, acrescente um Pai-Nosso, uma Ave Maria e uma pomada para que sua semana comece com o melhor dos esp\u00edritos e seja perfeita.<\/p>\n<div class=\"oracion\">\n<div class=\"oracionContainer\">\n<div class=\"oracionContent\">\n<p style=\"text-align: center;\">Anjo da guarda,<br \/>\nEmpresa de dia e de noite,<br \/>\nQue esta semana que come\u00e7a,<br \/>\nSeja bem sucedido e tenha boas notas,<br \/>\nDeixe cada classe e mat\u00e9ria aprender,<br \/>\nQue eles me ensinam,<br \/>\nQue eu alcance cada um dos meus objetivos,<br \/>\nE continua,<br \/>\nMe d\u00ea sua m\u00e3o amiga<br \/>\nAtenda minha chamada e que esta semana,<br \/>\nSeja digno de sua presen\u00e7a,<br \/>\nE de sua ajuda infinita,<br \/>\nEm todos os momentos,<br \/>\nQue eu preciso de voc\u00ea,<br \/>\nUm homem.<\/p>\n<\/div>\n<\/div>\n<\/div>\n<h3><span id=\"Oracion_milagrosa_para_iniciar_bien_la_semana\">Ora\u00e7\u00e3o milagrosa para come\u00e7ar bem a semana<\/span><\/h3>\n<p>Antes de <strong>come\u00e7ar <\/strong>O mais importante da sua semana \u00e9 que se lembre de dar os correspondentes agradecimentos, pela sua vida, pelo ar que respira, por ter uma nova oportunidade de viver.<\/p>\n<div class=\"oracion\">\n<div class=\"oracionContainer\">\n<div class=\"oracionContent\">\n<p style=\"text-align: center;\">Maria magn\u00edfica,<br \/>\nIsso por suas grandes virtudes,<br \/>\nVoc\u00ea mereceu que Deus te escolheu<br \/>\nPara ser a m\u00e3e de seu filho,<br \/>\nE de toda a f\u00e9,<br \/>\nCom essas palavras de amor<br \/>\nInvoco a sua presen\u00e7a e companhia,<br \/>\nPara que esta semana comece corretamente,<br \/>\nQue cada experi\u00eancia seja a melhor,<br \/>\nPara crescer,<br \/>\nE para aprender,<br \/>\nQue sua gra\u00e7a me guie sempre,<br \/>\nE por voc\u00ea ser digno de,<br \/>\nAmor do criador,<br \/>\nUm homem.<\/p>\n<\/div>\n<\/div>\n<\/div>\n<h3><span id=\"Oracion_para_iniciar_una_nueva_semana\">Ora\u00e7\u00e3o para come\u00e7ar uma nova semana<\/span><\/h3>\n<p>Mostre ao Senhor quanto amor voc\u00ea tem por ele, e como em todos os momentos voc\u00ea deseja que sua presen\u00e7a oriente o seu caminho e cada uma de suas decis\u00f5es, sempre iluminando voc\u00ea.<\/p>\n<div class=\"oracion\">\n<div class=\"oracionContainer\">\n<div class=\"oracionContent\">\n<p style=\"text-align: center;\">Bendita pureza,<br \/>\nDe Cristo nosso Senhor,<br \/>\nAmor de pai,<br \/>\nSacrif\u00edcio do filho,<br \/>\nNesta nova semana te ligo,<br \/>\nE pe\u00e7o sua companhia todos os dias<br \/>\nDo nascer do sol at\u00e9 o p\u00f4r do sol<br \/>\nDe segunda a domingo,<br \/>\nQue o meu dia n\u00e3o comece,<br \/>\nSem a sua presen\u00e7a, ou a sua b\u00ean\u00e7\u00e3o,<br \/>\nSem gastar alguns minutos,<br \/>\nPara que voc\u00ea me envolva em seu manto,<br \/>\nE eu posso sentir sua prote\u00e7\u00e3o<br \/>\nEu te pe\u00e7o Deus da miseric\u00f3rdia,<br \/>\nUm homem.<\/p>\n<\/div>\n<\/div>\n<\/div>\n<h3><span id=\"Oracion_para_empezar_la_semana_con_Dios\">Ora\u00e7\u00e3o para come\u00e7ar a semana com Deus<\/span><\/h3>\n<p>Quando h\u00e1 f\u00e9 e certeza em cada palavra que \u00e9 recitada, n\u00e3o deve haver espa\u00e7o para d\u00favidas, recomendo que voc\u00ea fa\u00e7a essas invoca\u00e7\u00f5es, para que tenha os melhores resultados em seu caminho para Deus.<\/p>\n<div class=\"oracion\">\n<div class=\"oracionContainer\">\n<div class=\"oracionContent\">\n<p style=\"text-align: center;\">Aben\u00e7oadas almas,<br \/>\nQuem sempre escuta,<br \/>\nE eles s\u00e3o uma fonte de conselho e ajuda,<br \/>\nEu te invoco hoje em minha ora\u00e7\u00e3o,<br \/>\nEm cada uma das minhas palavras,<br \/>\nPedindo pelo seu extraordin\u00e1rio,<br \/>\nMiseric\u00f3rdia e for\u00e7a,<br \/>\nPara que eles me inundem com isso,<br \/>\nE vamos come\u00e7ar esta semana<br \/>\nCom a melhor das motiva\u00e7\u00f5es,<br \/>\nEm Deus nosso senhor,<br \/>\nA salva\u00e7\u00e3o do mundo \u00e9 encontrada,<br \/>\nE dos cora\u00e7\u00f5es,<br \/>\nDe todos aqueles que o procuram,<br \/>\nUm homem.<\/p>\n<\/div>\n<\/div>\n<\/div>\n<h3><span id=\"Oracion_para_iniciar_la_semana_con_el_pie_derecho\">Ora\u00e7\u00e3o para come\u00e7ar a semana com o p\u00e9 direito<\/span><\/h3>\n<p>N\u00e3o fique esperando, o primeiro passo est\u00e1 a\u00ed \u00e0 sua frente, com a ferramenta que ele representa, a ora\u00e7\u00e3o cont\u00ednua, cheia de amor, f\u00e9 e confian\u00e7a em tudo o que voc\u00ea deseja no seu cora\u00e7\u00e3o.<\/p>\n<div class=\"oracion\">\n<div class=\"oracionContainer\">\n<div class=\"oracionContent\">\n<p style=\"text-align: center;\">S\u00e3o Gabriel o Arcanjo,<br \/>\nAnjo da palavra,<br \/>\nDa comunica\u00e7\u00e3o,<br \/>\nVoc\u00ea que \u00e9 o link<br \/>\nEntre o fiel e o pai celestial,<br \/>\nPe\u00e7o que esta semana comece,<br \/>\nPara come\u00e7ar com encorajamento,<br \/>\nCom o p\u00e9 direito,<br \/>\nCom a melhor das b\u00ean\u00e7\u00e3os,<br \/>\nPorque todos eles vir\u00e3o do criador,<br \/>\nAtrav\u00e9s de voc\u00ea,<br \/>\nDo seu amor, da sua prote\u00e7\u00e3o,<br \/>\nE de sua grandeza angelical,<br \/>\nEu imploro, venha ao meu telefonema,<br \/>\nUm homem.<\/p>\n<\/div>\n<\/div>\n<\/div>\n<h3><span id=\"Oracion_para_empezar_la_semana_catolica\">Ora\u00e7\u00e3o para come\u00e7ar a semana cat\u00f3lica<\/span><\/h3>\n<p>As ora\u00e7\u00f5es <strong>cat\u00f3lico <\/strong>S\u00e3o o melhor incentivo para o cora\u00e7\u00e3o, consegue chegar at\u00e9 ao Todo-Poderoso atrav\u00e9s dos seus santos, como S\u00e3o Bento, que \u00e9 um instrumento de f\u00e9 e de devo\u00e7\u00e3o que o aproxima de Cristo.<\/p>\n<div class=\"oracion\">\n<div class=\"oracionContainer\">\n<div class=\"oracionContent\">\n<p style=\"text-align: center;\">San Benito,<br \/>\nAben\u00e7oado, grande e gracioso,<br \/>\nEu te invoco,<br \/>\nTe pe\u00e7o em sua grandeza,<br \/>\nQue voc\u00ea possa preencher todos os dias da minha semana com sucesso,<br \/>\nQue pode ser de crescimento,<br \/>\nQuerendo continuar, lutar,<br \/>\nPara acreditar no salvador,<br \/>\nPara que possam alcan\u00e7ar a gl\u00f3ria do pai,<br \/>\nE ser parte de sua reden\u00e7\u00e3o,<br \/>\nAssim como voc\u00ea era,<br \/>\nComo um servo fervoroso do Senhor,<br \/>\nE guarda de sua palavra,<br \/>\nEu te imploro, S\u00e3o Bento do amor,<br \/>\nUm homem.<\/p>\n<\/div>\n<\/div>\n<\/div>\n<p>N\u00e3o fique esperando mais por uma solu\u00e7\u00e3o que surgir de repente diante de voc\u00ea, fa\u00e7a parte dessa mudan\u00e7a fazendo cada uma dessas ora\u00e7\u00f5es para que voc\u00ea tenha a oportunidade de come\u00e7ar sua semana com a melhor companhia.<\/p>\n<p>E com a plena certeza de que ser\u00e1 ouvido, o poder de um <strong>baixo <\/strong>ora\u00e7\u00e3o quando declamada com esperan\u00e7a.<\/p>\n<\/div>\n","protected":false},"excerpt":{"rendered":"<p>Se voc\u00ea precisar de uma ora\u00e7\u00e3o para aben\u00e7oar sua semana e comece com o melhor das vibra\u00e7\u00f5es, recomendo cada uma dessas invoca\u00e7\u00f5es, que o ajudar\u00e3o a ser capaz de levantar um gratid\u00e3o pelas b\u00ean\u00e7\u00e3os dos velhos e dos novos dias. Conquistas Come\u00e7ar sua semana com a melhor atitude e acordar sentindo em todos os momentos a presen\u00e7a do pai eterno. Ora\u00e7\u00e3o para come\u00e7ar a semana santa D\u00ea o Obrigada para o in\u00edcio da semana principal, e pergunte por cada um dos seus problemas para que possa encontrar uma solu\u00e7\u00e3o r\u00e1pida e pr\u00e1tica que responda aos pedidos do seu cora\u00e7\u00e3o. Virgem <\/p>\n","protected":false},"author":1,"featured_media":228,"comment_status":"closed","ping_status":"open","sticky":false,"template":"","format":"standard","meta":{"rank_math_lock_modified_date":false,"footnotes":""},"categories":[3],"tags":[],"class_list":["post-176","post","type-post","status-publish","format-standard","has-post-thumbnail","hentry","category-catolica","has_thumb"],"_links":{"self":[{"href":"https:\/\/oracionsanta.com\/pt\/wp-json\/wp\/v2\/posts\/176","targetHints":{"allow":["GET"]}}],"collection":[{"href":"https:\/\/oracionsanta.com\/pt\/wp-json\/wp\/v2\/posts"}],"about":[{"href":"https:\/\/oracionsanta.com\/pt\/wp-json\/wp\/v2\/types\/post"}],"author":[{"embeddable":true,"href":"https:\/\/oracionsanta.com\/pt\/wp-json\/wp\/v2\/users\/1"}],"replies":[{"embeddable":true,"href":"https:\/\/oracionsanta.com\/pt\/wp-json\/wp\/v2\/comments?post=176"}],"version-history":[{"count":0,"href":"https:\/\/oracionsanta.com\/pt\/wp-json\/wp\/v2\/posts\/176\/revisions"}],"wp:featuredmedia":[{"embeddable":true,"href":"https:\/\/oracionsanta.com\/pt\/wp-json\/wp\/v2\/media\/228"}],"wp:attachment":[{"href":"https:\/\/oracionsanta.com\/pt\/wp-json\/wp\/v2\/media?parent=176"}],"wp:term":[{"taxonomy":"category","embeddable":true,"href":"https:\/\/oracionsanta.com\/pt\/wp-json\/wp\/v2\/categories?post=176"},{"taxonomy":"post_tag","embeddable":true,"href":"https:\/\/oracionsanta.com\/pt\/wp-json\/wp\/v2\/tags?post=176"}],"curies":[{"name":"wp","href":"https:\/\/api.w.org\/{rel}","templated":true}]}}