{"id":178,"date":"2021-07-25T15:42:01","date_gmt":"2021-07-25T15:42:01","guid":{"rendered":"https:\/\/oracionsanta.com\/pt\/?p=178"},"modified":"2021-06-02T15:43:07","modified_gmt":"2021-06-02T15:43:07","slug":"oracao-da-fe","status":"publish","type":"post","link":"https:\/\/oracionsanta.com\/pt\/oracao-da-fe\/","title":{"rendered":"Ora\u00e7\u00e3o Da F\u00e9, Confian\u00e7a, For\u00e7a, Milagre E Muito Mais"},"content":{"rendered":"<div>\n<p>Se voc\u00ea quer uma ora\u00e7\u00e3o que te encha de for\u00e7a e <strong>cura <\/strong>Voc\u00ea n\u00e3o pode parar de praticar os que trazemos para voc\u00ea hoje, reserve um tempo e pe\u00e7a ao Senhor para lhe dar sua b\u00ean\u00e7\u00e3o e ajuda.<\/p>\n<p>Comece a dar aquele passo que voc\u00ea deixou de lado por causa do tempo ou d\u00favidas, expanda sua f\u00e9 e seu caminho com invoca\u00e7\u00f5es onde voc\u00ea obt\u00e9m como recompensa <strong>ter esperan\u00e7a <\/strong>renovando.<\/p>\n<h2><span id=\"Oracion_de_fe_en_cristo_y_a_Dios\">Ora\u00e7\u00e3o de f\u00e9 em Cristo e Deus<\/span><\/h2>\n<p><img loading=\"lazy\" decoding=\"async\"  class=\"aligncenter size-full wp-image-215\" src=\"data:image\/gif,GIF89a%01%00%01%00%80%00%00%00%00%00%FF%FF%FF%21%F9%04%01%00%00%00%00%2C%00%00%00%00%01%00%01%00%00%02%01D%00%3B\" data-layzr=\"https:\/\/oracionsanta.com\/pt\/wp-content\/uploads\/oracao-da-fe.jpg\" alt=\"oracao da fe\" width=\"359\" height=\"200\" \/><\/p>\n<p>Fa\u00e7a uma ora\u00e7\u00e3o de <strong>Obrigada, <\/strong>n\u00e3o apenas pelos favores que voc\u00ea recebeu, mas tamb\u00e9m por aqueles momentos em que voc\u00ea precisa manter a f\u00e9 em <strong>Deus<\/strong> e em Cristo, desfrute de sentir a paz do criador.<\/p>\n<div class=\"oracion\">\n<div class=\"oracionContainer\">\n<div class=\"oracionContent\">\n<p style=\"text-align: center;\">Bendito Jesus Cristo,<br \/>\nIsso guia meus passos,<br \/>\nVoce me enche com seu amor<br \/>\nE suas ben\u00e7\u00e3os,<br \/>\nEles est\u00e3o presentes em todos os momentos,<br \/>\nAjude-me em todas as circunst\u00e2ncias,<br \/>\nEm cada obst\u00e1culo que tenho,<br \/>\nRemova as pedras do meu caminho,<br \/>\nE me ajude a amar,<br \/>\nDesprezo total por todas as coisas terrenas,<br \/>\nE total confian\u00e7a em voc\u00ea,<br \/>\nEm sua palavra<br \/>\nE no seu caminho<br \/>\nO que \u00e9 salva\u00e7\u00e3o eterna,<br \/>\nUm homem.<\/p>\n<\/div>\n<\/div>\n<\/div>\n<h3><span id=\"Oracion_de_fe_y_esperanza_milagrosa\">Ora\u00e7\u00e3o de f\u00e9 e esperan\u00e7a milagrosa<\/span><\/h3>\n<p>Milagres existem ainda mais quando se trata daqueles em que imploramos a Deus que confie em n\u00f3s, encha nossa f\u00e9 com prop\u00f3sitos para guiar nosso caminho, feche os olhos antes de iniciar sua ora\u00e7\u00e3o e murmurar &#8220;<strong>me d\u00ea a f\u00e9 &#8220;<\/strong> para sentir sua ajuda.<\/p>\n<div class=\"oracion\">\n<div class=\"oracionContainer\">\n<div class=\"oracionContent\">\n<p style=\"text-align: center;\">Sangue do mais alto,<br \/>\nFor\u00e7a dos Tit\u00e3s,<br \/>\nEsp\u00edrito inabal\u00e1vel,<br \/>\nE sopro de esperan\u00e7a, de f\u00e9,<br \/>\nDe profunda ora\u00e7\u00e3o,<br \/>\nOu\u00e7a minhas palavras,<br \/>\nPreste aten\u00e7\u00e3o neles, eu te pergunto,<br \/>\nTorne-se minha renova\u00e7\u00e3o,<br \/>\nNesse novo come\u00e7o,<br \/>\nQuanto eu preciso<br \/>\nQuanto eu preciso<br \/>\nPara poder continuar lutando,<br \/>\nE para poder continuar tendo a convic\u00e7\u00e3o necess\u00e1ria,<br \/>\nEu te imploro,<br \/>\nUm homem.<\/p>\n<\/div>\n<\/div>\n<\/div>\n<h3><span id=\"Oracion_de_fe_para_un_enfermo_y_para_salvacion\">Ora\u00e7\u00e3o de f\u00e9 por uma pessoa doente e pela salva\u00e7\u00e3o<\/span><\/h3>\n<p>Ore esta invoca\u00e7\u00e3o <strong>baixo <\/strong>a fim de <strong>aumentar <\/strong>o esp\u00edrito e a for\u00e7a da pessoa que sofre de uma doen\u00e7a, o <strong>rezar <\/strong>pode se tornar a calma de que sua vida tanto precisa.<\/p>\n<div class=\"oracion\">\n<div class=\"oracionContainer\">\n<div class=\"oracionContent\">\n<p style=\"text-align: center;\">Santa M\u00e3e,<br \/>\nQue voc\u00ea ascendeu ao c\u00e9u,<br \/>\nEm corpo e alma,<br \/>\nQue voc\u00ea se ajoelhou diante de Deus,<br \/>\nNosso Senhor,<br \/>\nE voc\u00ea murmurou o &#8220;sim&#8221; que nos salvou,<br \/>\nEm voc\u00ea eu exponho toda a minha mis\u00e9ria,<br \/>\nMinha tristeza,<br \/>\nE minha maior ang\u00fastia,<br \/>\nPedindo uma recupera\u00e7\u00e3o r\u00e1pida,<br \/>\nE sa\u00fade de (adicione o nome da pessoa),<br \/>\nPara que voc\u00ea sinta uma nova vontade de viver,<br \/>\nPara acreditar fielmente em Cristo,<br \/>\nE em seus milagres,<br \/>\nUm homem.<\/p>\n<\/div>\n<\/div>\n<\/div>\n<h3><span id=\"Oracion_de_fe_y_confianza\">Ora\u00e7\u00e3o de f\u00e9 e confian\u00e7a<\/span><\/h3>\n<p>A melhor amostra de convic\u00e7\u00e3o \u00e9 levantar uma ora\u00e7\u00e3o que te encha de clareza e que te concentre para que consigas alcan\u00e7ar cada um dos teus objetivos, esta invoca\u00e7\u00e3o te dar\u00e1 essa alternativa, acrescente cinco Ave-Marias no final.<\/p>\n<div class=\"oracion\">\n<div class=\"oracionContainer\">\n<div class=\"oracionContent\">\n<p style=\"text-align: center;\">Anjos redentores,<br \/>\nQuem \u00e9 a defesa do c\u00e9u,<br \/>\nE nossa maior ajuda na terra,<br \/>\nVoc\u00ea que faz parte da minha vida,<br \/>\nE a partir de cada uma das minhas decis\u00f5es,<br \/>\nEu imploro que voc\u00ea atenda a esta ora\u00e7\u00e3o,<br \/>\nConfi\u00e1vel,<br \/>\nDa f\u00e9 em nosso pai eterno,<br \/>\nPara que eu n\u00e3o perca minha dire\u00e7\u00e3o<br \/>\nNem meu desejo de continuar e amar,<br \/>\nPara sempre acreditar que existe algo mais,<br \/>\nCheio de bondade e miseric\u00f3rdia,<br \/>\nPorque \u00e9 disso que o mundo abunda,<br \/>\nSob sua prote\u00e7\u00e3o, deixe-me encontr\u00e1-lo,<br \/>\nUm homem.<\/p>\n<\/div>\n<\/div>\n<\/div>\n<h3><span id=\"Oracion_de_fe_y_fortaleza\">Ora\u00e7\u00e3o de f\u00e9 e for\u00e7a<\/span><\/h3>\n<p>As ora\u00e7\u00f5es <strong>para tudo<\/strong> e cada um dos nossos dilemas s\u00e3o essenciais para nos dar a luz e empurrar que precisamos, olhe dentro de voc\u00ea para a melhor maneira e antes de come\u00e7ar com essas linhas acrescente &#8220;<strong>senhor me ajude<\/strong>\u201dE voc\u00ea ver\u00e1 o resultado.<\/p>\n<div class=\"oracion\">\n<div class=\"oracionContainer\">\n<div class=\"oracionContent\">\n<p style=\"text-align: center;\">San Benito,<br \/>\nRosto gentil e verdadeiro,<br \/>\nLuz dos reis,<br \/>\nE a for\u00e7a dos enfermos,<br \/>\nTorne-se meu foco central,<br \/>\nAo tomar decis\u00f5es,<br \/>\nNessa circunst\u00e2ncia, onde tudo se torna dif\u00edcil,<br \/>\nE \u00e9 dif\u00edcil tomar uma decis\u00e3o,<br \/>\nN\u00e3o me deixe perder minha for\u00e7a<br \/>\nA convic\u00e7\u00e3o em nosso pai,<br \/>\nEm seus ensinamentos, nem em suas b\u00ean\u00e7\u00e3os,<br \/>\nMe ajude a ficar em p\u00e9<br \/>\nE levante-se forte<br \/>\nSempre que eu caio<br \/>\nUm homem.<\/p>\n<\/div>\n<\/div>\n<\/div>\n<h3><span id=\"Oracion_de_fe_en_la_biblia\">Ora\u00e7\u00e3o de f\u00e9 na b\u00edblia<\/span><\/h3>\n<p>A ora\u00e7\u00e3o <strong>crist\u00e3o <\/strong>est\u00e1 a\u00ed esperando por voc\u00ea, porque voc\u00ea usa o grande poder que a b\u00edblia tem e ora com confian\u00e7a para que cada palavra que voc\u00ea diga seja cumprida e que seu favor seja cumprido.<\/p>\n<div class=\"oracion\">\n<div class=\"oracionContainer\">\n<div class=\"oracionContent\">\n<p style=\"text-align: center;\">Escrituras sagradas,<br \/>\nPilar de cren\u00e7a e f\u00e9,<br \/>\nUni\u00e3o de milh\u00f5es de fam\u00edlias,<br \/>\nRespeito, amor, fidelidade,<br \/>\nFor\u00e7a e humildade,<br \/>\nPara todos aqueles que acreditam em voc\u00ea,<br \/>\najude-me a sentir a sua presen\u00e7a,<br \/>\nPara agarrar-se a cada dia dif\u00edcil em suas palavras,<br \/>\nPara encontrar a salva\u00e7\u00e3o l\u00e1,<br \/>\nO verdadeiro caminho,<br \/>\nIsso leva \u00e0 gl\u00f3ria do mais alto,<br \/>\nEm todos os dias e todas as noites,<br \/>\nCubra-me com sua magnific\u00eancia,<br \/>\nE seja meu link para o criador,<br \/>\nUm homem.<\/p>\n<\/div>\n<\/div>\n<\/div>\n<h3><span id=\"Oracion_de_fe_para_ninos\">Ora\u00e7\u00e3o de f\u00e9 pelas crian\u00e7as<\/span><\/h3>\n<p>\u00c9 importante ensinar aos mais pequenos a for\u00e7a da ora\u00e7\u00e3o, pois isso abrir\u00e1 caminho para que seu filho comece a fazer parte da mudan\u00e7a e renova\u00e7\u00e3o do esp\u00edrito de <strong>Deus<\/strong>.<\/p>\n<div class=\"oracion\">\n<div class=\"oracionContainer\">\n<div class=\"oracionContent\">\n<p style=\"text-align: center;\">Anjo da guarda,<br \/>\nQue voc\u00ea me d\u00e1 prote\u00e7\u00e3o<br \/>\nEm cada dia de estrada,<br \/>\nE voc\u00ea representa a luz<br \/>\nClareza diante de dias confusos<br \/>\nIluminar meu caminho<br \/>\nPara nunca perder minha inoc\u00eancia<br \/>\nMinha for\u00e7a quando crian\u00e7a,<br \/>\nDeixe-me fazer parte do plano de Deus<br \/>\nPara sentir sua presen\u00e7a,<br \/>\nE seu sopro de confian\u00e7a fecha,<br \/>\nPara me manter de p\u00e9 todos os dias<br \/>\nDesejando ser um filho dedicado,<br \/>\nE crente em sua miseric\u00f3rdia,<br \/>\nUm homem.<\/p>\n<\/div>\n<\/div>\n<\/div>\n<h3><span id=\"Oracion_de_fe_para_una_cirugia\">Ora\u00e7\u00e3o de f\u00e9 para cirurgia<\/span><\/h3>\n<p>Antes de entrar na sala de cirurgia e se expor \u00e0 cirurgia (ou a um familiar ou amigo), agarre-se a esta ora\u00e7\u00e3o que o ajudar\u00e1 a estar \u00e0 vontade com Deus e acima de tudo a ter a prote\u00e7\u00e3o de um de seus arcanjos.<\/p>\n<div class=\"oracion\">\n<div class=\"oracionContainer\">\n<div class=\"oracionContent\">\n<p style=\"text-align: center;\">San Rafael,<br \/>\nArcanjo do c\u00e9u,<br \/>\nFor\u00e7a Titanic,<br \/>\nE uma luz brilhante do leste<br \/>\nMe d\u00ea sa\u00fade para enfrentar minha cirurgia,<br \/>\nFor\u00e7a e vida para continuar,<br \/>\nE para se levantar, a cada queda,<br \/>\nAjude aquela pessoa que est\u00e1 passando por um desconforto,<br \/>\nE quem est\u00e1 hoje em uma sala de cirurgia,<br \/>\nN\u00e3o deixe nada de ruim acontecer com ele<br \/>\nE que voc\u00ea seja a maior for\u00e7a deles,<br \/>\nPorque quando h\u00e1 f\u00e9, montanhas podem ser movidas,<br \/>\nE transformar o espirito,<br \/>\nPe\u00e7o,<br \/>\nUm homem.<\/p>\n<\/div>\n<\/div>\n<\/div>\n<h3><span id=\"Oracion_de_fe_por_la_manana\">Ora\u00e7\u00e3o matinal da f\u00e9<\/span><\/h3>\n<p>Acorde todos os dias com a plena certeza de que um novo dia de oportunidades se apresenta para voc\u00ea, encha-o de b\u00ean\u00e7\u00e3os desde o in\u00edcio com estas palavras simples, mas poderosas.<\/p>\n<div class=\"oracion\">\n<div class=\"oracionContainer\">\n<div class=\"oracionContent\">\n<p style=\"text-align: center;\">Santa Rita,<br \/>\nSanta Marta e Santa Ana,<br \/>\n\u00c0s tr\u00eas eu invoco,<br \/>\nTe ligo pedindo sua ajuda,<br \/>\nSua infinita gra\u00e7a,<br \/>\nE sua prote\u00e7\u00e3o,<br \/>\nDesde o come\u00e7o deste dia,<br \/>\nAt\u00e9 o fim, quando me encontro descansado,<br \/>\nEncha-me com f\u00e9, com f\u00e9 em Deus,<br \/>\nEm sua miseric\u00f3rdia e poder,<br \/>\nPara poder viver,<br \/>\nNa gl\u00f3ria de pai e filho,<br \/>\nAt\u00e9 o dia em que meu cora\u00e7\u00e3o parar de bater<br \/>\nE fa\u00e7a parte do seu esp\u00edrito,<br \/>\nUm homem.<\/p>\n<\/div>\n<\/div>\n<\/div>\n<h3><span id=\"Oracion_de_fe_para_antes_de_dormir\">Ora\u00e7\u00e3o de f\u00e9 antes de dormir<\/span><\/h3>\n<p>Ao final de um longo dia n\u00e3o h\u00e1 nada mais imperativo do que elevar um \u201cobrigado\u201d ao esp\u00edrito do Senhor e rezar para que sua noite seja cheia de serenidade e calma, reze pelos seus sonhos e pelo seu descanso noturno.<\/p>\n<div class=\"oracion\">\n<div class=\"oracionContainer\">\n<div class=\"oracionContent\">\n<p style=\"text-align: center;\">Espirito Santo,<br \/>\nVoc\u00ea que \u00e9 parte de mim<br \/>\nDa minha cria\u00e7\u00e3o como filha do pai,<br \/>\nCubra-me com seu manto,<br \/>\nNeste dia culminante<br \/>\nPara que voc\u00ea possa dormir em paz,<br \/>\nCom serenidade,<br \/>\nSentindo a proximidade de Cristo,<br \/>\nRefletido em seu rosto,<br \/>\nMe proteja, eu imploro,<br \/>\nMesmo em meus sonhos<br \/>\nCuide deles, junte-se a mim para sempre,<br \/>\nN\u00e3o me deixe temer o desconhecido<br \/>\nNem que eu perca a f\u00e9,<br \/>\nUm homem.<\/p>\n<\/div>\n<\/div>\n<\/div>\n<p>Com estas <strong>ora\u00e7\u00f5es de confian\u00e7a <\/strong>Voc\u00ea encontrar\u00e1 mais um motivo para n\u00e3o perder o desejo de lutar de forma inabal\u00e1vel e mostrar que seu caminho ainda est\u00e1 sendo tra\u00e7ado e que voc\u00ea faz parte das b\u00ean\u00e7\u00e3os do criador.<\/p>\n<p>Encontre aquele lugar especial em sua casa onde voc\u00ea se sinta mais confort\u00e1vel para orar e oferecer alguns minutos ao Sant\u00edssimo Sacramento.<\/p>\n<\/div>\n","protected":false},"excerpt":{"rendered":"<p>Se voc\u00ea quer uma ora\u00e7\u00e3o que te encha de for\u00e7a e cura Voc\u00ea n\u00e3o pode parar de praticar os que trazemos para voc\u00ea hoje, reserve um tempo e pe\u00e7a ao Senhor para lhe dar sua b\u00ean\u00e7\u00e3o e ajuda. Comece a dar aquele passo que voc\u00ea deixou de lado por causa do tempo ou d\u00favidas, expanda sua f\u00e9 e seu caminho com invoca\u00e7\u00f5es onde voc\u00ea obt\u00e9m como recompensa ter esperan\u00e7a renovando. Ora\u00e7\u00e3o de f\u00e9 em Cristo e Deus Fa\u00e7a uma ora\u00e7\u00e3o de Obrigada, n\u00e3o apenas pelos favores que voc\u00ea recebeu, mas tamb\u00e9m por aqueles momentos em que voc\u00ea precisa manter a <\/p>\n","protected":false},"author":1,"featured_media":215,"comment_status":"closed","ping_status":"open","sticky":false,"template":"","format":"standard","meta":{"rank_math_lock_modified_date":false,"footnotes":""},"categories":[3],"tags":[],"class_list":["post-178","post","type-post","status-publish","format-standard","has-post-thumbnail","hentry","category-catolica","has_thumb"],"_links":{"self":[{"href":"https:\/\/oracionsanta.com\/pt\/wp-json\/wp\/v2\/posts\/178","targetHints":{"allow":["GET"]}}],"collection":[{"href":"https:\/\/oracionsanta.com\/pt\/wp-json\/wp\/v2\/posts"}],"about":[{"href":"https:\/\/oracionsanta.com\/pt\/wp-json\/wp\/v2\/types\/post"}],"author":[{"embeddable":true,"href":"https:\/\/oracionsanta.com\/pt\/wp-json\/wp\/v2\/users\/1"}],"replies":[{"embeddable":true,"href":"https:\/\/oracionsanta.com\/pt\/wp-json\/wp\/v2\/comments?post=178"}],"version-history":[{"count":0,"href":"https:\/\/oracionsanta.com\/pt\/wp-json\/wp\/v2\/posts\/178\/revisions"}],"wp:featuredmedia":[{"embeddable":true,"href":"https:\/\/oracionsanta.com\/pt\/wp-json\/wp\/v2\/media\/215"}],"wp:attachment":[{"href":"https:\/\/oracionsanta.com\/pt\/wp-json\/wp\/v2\/media?parent=178"}],"wp:term":[{"taxonomy":"category","embeddable":true,"href":"https:\/\/oracionsanta.com\/pt\/wp-json\/wp\/v2\/categories?post=178"},{"taxonomy":"post_tag","embeddable":true,"href":"https:\/\/oracionsanta.com\/pt\/wp-json\/wp\/v2\/tags?post=178"}],"curies":[{"name":"wp","href":"https:\/\/api.w.org\/{rel}","templated":true}]}}