{"id":189,"date":"2021-07-01T15:37:31","date_gmt":"2021-07-01T15:37:31","guid":{"rendered":"https:\/\/oracionsanta.com\/pt\/?p=189"},"modified":"2021-06-02T15:38:23","modified_gmt":"2021-06-02T15:38:23","slug":"oracao-depois-da-comunhao","status":"publish","type":"post","link":"https:\/\/oracionsanta.com\/pt\/oracao-depois-da-comunhao\/","title":{"rendered":"Ora\u00e7\u00e3o Ap\u00f3s a Comunh\u00e3o com Padre Pio E Angeles"},"content":{"rendered":"<div>\n<p>Encontre a melhor ora\u00e7\u00e3o <strong>espiritual <\/strong>para que voc\u00ea possa entrar em harmonia com o pai criador <strong>antes de <\/strong>que voc\u00ea receba a comunh\u00e3o e depois da comunh\u00e3o, cada uma dessas invoca\u00e7\u00f5es representar\u00e1 purifica\u00e7\u00e3o e b\u00ean\u00e7\u00e3os para o seu dia.<\/p>\n<p><strong>Baixo <\/strong>e remova cada um de seus pensamentos negativos, d\u00ea esse passo para estar em sintonia com o esp\u00edrito de Deus.<\/p>\n<h2><span id=\"Oracion_espiritual_para_despues_de_comulgar\">Ora\u00e7\u00e3o espiritual para depois da comunh\u00e3o<\/span><\/h2>\n<p><img loading=\"lazy\" decoding=\"async\"  class=\"aligncenter size-full wp-image-218\" src=\"data:image\/gif,GIF89a%01%00%01%00%80%00%00%00%00%00%FF%FF%FF%21%F9%04%01%00%00%00%00%2C%00%00%00%00%01%00%01%00%00%02%01D%00%3B\" data-layzr=\"https:\/\/oracionsanta.com\/pt\/wp-content\/uploads\/oracao-depois-da-comunhao.jpg\" alt=\"oracao depois da comunhao\" width=\"359\" height=\"200\" \/><\/p>\n<p>Esta ora\u00e7\u00e3o <strong>cat\u00f3lico <\/strong>\u00c9 ideal para voc\u00ea preparar e dispor do seu cora\u00e7\u00e3o, com humildade e certeza de que est\u00e1 sendo ouvido e, acima de tudo, de que est\u00e1 recebendo o corpo de Cristo.<\/p>\n<div class=\"oracion\">\n<div class=\"oracionContainer\">\n<div class=\"oracionContent\">\n<p style=\"text-align: center;\">Pai de grandeza,<br \/>\nQue voc\u00ea encontra,<br \/>\nEm cada passo que dou<br \/>\nEncha-me com a sua presen\u00e7a,<br \/>\nTodos os dias da minha vida,<br \/>\nAo amanhecer e ao p\u00f4r do sol,<br \/>\nE especialmente neste momento,<br \/>\nOnde estou prestes a receber a comunh\u00e3o,<br \/>\nDeixe o corpo de Cristo<br \/>\nMe purifica<br \/>\nLimpe meu cora\u00e7\u00e3o,<br \/>\nE eu me aproximei de voc\u00ea, da sua salva\u00e7\u00e3o,<br \/>\nPara aquele reino que \u00e9 o seu amor,<br \/>\nE suas b\u00ean\u00e7\u00e3os infinitas,<br \/>\nUm homem.<\/p>\n<\/div>\n<\/div>\n<\/div>\n<h3><span id=\"Oracion_para_despues_de_comulgar_del_Padre_Pio\">Ora\u00e7\u00e3o ap\u00f3s a Comunh\u00e3o do Padre Pio<\/span><\/h3>\n<p>Esta invoca\u00e7\u00e3o ao Padre Pio \u00e9 uma das mais utilizadas para dar resultados onde quem a recita tem a oportunidade de desfrutar de cada uma das b\u00ean\u00e7\u00e3os do Todo-Poderoso e tamb\u00e9m da sua protec\u00e7\u00e3o.<\/p>\n<div class=\"oracion\">\n<div class=\"oracionContainer\">\n<div class=\"oracionContent\">\n<p style=\"text-align: center;\">Padre Pio,<br \/>\nEu te ofere\u00e7o estes minutos,<br \/>\nDepois de receber a comunh\u00e3o,<br \/>\nE isso \u00e9 encontrado em meu Cristo,<br \/>\nSeu corpo e sangue<br \/>\nMe ajude atrav\u00e9s do seu amor<br \/>\nPara o meu espirito ser renovado,<br \/>\nQue minha vida seja transformada,<br \/>\nEm um caminho positivo,<br \/>\nE cheio de oportunidades<br \/>\nPara poder sempre chegar \u00e0 frente,<br \/>\nPara ser digno do amor do criador,<br \/>\nE exemplo de seus elogios,<br \/>\nComo voc\u00ea era,<br \/>\nUm homem.<\/p>\n<\/div>\n<\/div>\n<\/div>\n<h3><span id=\"Oracion_para_despues_de_comulgar_a_los_Angeles_y_Serafines\">Ora\u00e7\u00e3o ap\u00f3s a comunh\u00e3o com os anjos e serafins<\/span><\/h3>\n<p>Antes de come\u00e7ar essas linhas, adicione a seguinte frase &#8220;<strong>senhor comigo <\/strong>Deixo tudo o que sou e ofere\u00e7o-lhe a minha f\u00e9 \u201d, deixo nesta introdu\u00e7\u00e3o todo o seu amor e esperan\u00e7a, depois poder\u00e1 iniciar a sua ora\u00e7\u00e3o.<\/p>\n<div class=\"oracion\">\n<div class=\"oracionContainer\">\n<div class=\"oracionContent\">\n<p style=\"text-align: center;\">Anjos clamorosos!<br \/>\nSerafim de amor!<br \/>\nDe plena miseric\u00f3rdia,<br \/>\nDe amor incessante,<br \/>\nPara voc\u00ea hoje eu levanto esta ora\u00e7\u00e3o,<br \/>\nPedindo pela minha alma<br \/>\nPara minha vida,<br \/>\nPara que eu possa enfrentar<br \/>\nCada um de seus obst\u00e1culos,<br \/>\nE saia da tenta\u00e7\u00e3o<br \/>\nQue este anfitri\u00e3o seja uma ben\u00e7\u00e3o,<br \/>\nDe oportunidades,<br \/>\nE, acima de tudo, ser capaz de ascender,<br \/>\nMais um passo em dire\u00e7\u00e3o \u00e0 vida eterna,<br \/>\nUm homem.<\/p>\n<\/div>\n<\/div>\n<\/div>\n<h3><span id=\"Oracion_para_despues_de_comulgar_al_alma_de_Cristo\">Ora\u00e7\u00e3o para depois de comungar com a alma de Cristo<\/span><\/h3>\n<p>Em cada uma das etapas do dia-a-dia, devemos dedicar alguns minutos do nosso tempo ao filho encarnado de Deus, que nos ensina quanto for\u00e7a tem uma ora\u00e7\u00e3o quando \u00e9 recitada com certeza e fidelidade.<\/p>\n<div class=\"oracion\">\n<div class=\"oracionContainer\">\n<div class=\"oracionContent\">\n<p style=\"text-align: center;\">Cristo de amor,<br \/>\nDe sacrif\u00edcio,<br \/>\nDe milagres<br \/>\nS\u00edmbolo da paz universal,<br \/>\nVoc\u00ea que passou por tanta dor<br \/>\nE humilha\u00e7\u00e3o<br \/>\nS\u00f3 para salvar nossos pecados<br \/>\nDiante de voc\u00ea hoje eu me prostro,<br \/>\nPra voce me ajudar,<br \/>\nQue voc\u00ea me d\u00ea a calma e a paz que eu tanto preciso,<br \/>\nPara ser uma pessoa melhor,<br \/>\nCheio de b\u00ean\u00e7\u00e3os, de amor,<br \/>\nDe for\u00e7a,<br \/>\nE de f\u00e9 em voc\u00ea<br \/>\nUm homem.<\/p>\n<\/div>\n<\/div>\n<\/div>\n<h3><span id=\"Oracion_para_despues_de_comulgar_a_Santo_Tomas\">Ora\u00e7\u00e3o ap\u00f3s a comunh\u00e3o com Santo Tomas<\/span><\/h3>\n<p>Mais uma vez, Santo Tomas nos mostra como um cora\u00e7\u00e3o pode ser transformado por meio de uma invoca\u00e7\u00e3o, depois de ter recebido a comunh\u00e3o, organize esta ora\u00e7\u00e3o para chegar ainda mais perto dessa f\u00e9 renovadora.<\/p>\n<div class=\"oracion\">\n<div class=\"oracionContainer\">\n<div class=\"oracionContent\">\n<p style=\"text-align: center;\">S\u00e3o Tom\u00e1s,<br \/>\nFonte inesgot\u00e1vel,<br \/>\nFortaleza e ref\u00fagio,<br \/>\nPara muitos de seus fi\u00e9is,<br \/>\nEu dedico esta tarde,<br \/>\nPara orar por seus milagres,<br \/>\nE deixando para voc\u00ea toda a minha dor<br \/>\nMinhas preocupa\u00e7\u00f5es,<br \/>\nE tudo o que sou,<br \/>\nBem, meu cora\u00e7\u00e3o eu ofere\u00e7o a voc\u00ea,<br \/>\nCom toda a minha humildade,<br \/>\nPra voce me ajudar,<br \/>\nE ajuda,<br \/>\nPor comunh\u00e3o,<br \/>\nUm homem.<\/p>\n<\/div>\n<\/div>\n<\/div>\n<h3><span id=\"Oracion_para_despues_de_comulgar_para_ninos\">Ora\u00e7\u00e3o ap\u00f3s a comunh\u00e3o para as crian\u00e7as<\/span><\/h3>\n<p>Uma invoca\u00e7\u00e3o curta, mas simples, mais do que perfeita para os pequeninos que v\u00e3o comemorar seu <strong>primeira comunh\u00e3o,<\/strong> Ensine-os como podem dar um passo adiante por conta pr\u00f3pria e se aproximar de nosso amado eu divino.<\/p>\n<div class=\"oracion\">\n<div class=\"oracionContainer\">\n<div class=\"oracionContent\">\n<p style=\"text-align: center;\">Anjo da guarda,<br \/>\nVoc\u00ea \u00e9 minha empresa,<br \/>\nEm boas e m\u00e1s,<br \/>\nVoc\u00ea \u00e9 gl\u00f3ria eterna<br \/>\nVoc\u00ea que me conhece<br \/>\nBem, todos os meus medos eu confessei a voc\u00ea,<br \/>\nEu pe\u00e7o que voc\u00ea prepare e organize,<br \/>\nMinha alma e meu espirito,<br \/>\nPara que agora, depois de receber a Cristo,<br \/>\nEu posso sentir sua magia em mim<br \/>\nEsse amor incalcul\u00e1vel,<br \/>\nE suas maiores b\u00ean\u00e7\u00e3os,<br \/>\nCom o qual ela envolve seus filhos,<br \/>\nEu te imploro, que seja sempre,<br \/>\nUm homem.<\/p>\n<\/div>\n<\/div>\n<\/div>\n<p>Nunca se esque\u00e7a disso sempre <strong>se pode <\/strong>realizar todos os desejos do nosso cora\u00e7\u00e3o, desde que tenhamos o nosso caminho na dire\u00e7\u00e3o certa, para qualquer situa\u00e7\u00e3o \u00e9 imprescind\u00edvel que voc\u00ea use sua melhor ferramenta: as invoca\u00e7\u00f5es.<\/p>\n<p>Continuamente e ainda mais se voc\u00ea est\u00e1 prestes a receber a comunh\u00e3o ou j\u00e1 o fez, expanda ainda mais sua evolu\u00e7\u00e3o para um futuro muito melhor.<\/p>\n<\/div>\n","protected":false},"excerpt":{"rendered":"<p>Encontre a melhor ora\u00e7\u00e3o espiritual para que voc\u00ea possa entrar em harmonia com o pai criador antes de que voc\u00ea receba a comunh\u00e3o e depois da comunh\u00e3o, cada uma dessas invoca\u00e7\u00f5es representar\u00e1 purifica\u00e7\u00e3o e b\u00ean\u00e7\u00e3os para o seu dia. Baixo e remova cada um de seus pensamentos negativos, d\u00ea esse passo para estar em sintonia com o esp\u00edrito de Deus. Ora\u00e7\u00e3o espiritual para depois da comunh\u00e3o Esta ora\u00e7\u00e3o cat\u00f3lico \u00c9 ideal para voc\u00ea preparar e dispor do seu cora\u00e7\u00e3o, com humildade e certeza de que est\u00e1 sendo ouvido e, acima de tudo, de que est\u00e1 recebendo o corpo de Cristo. <\/p>\n","protected":false},"author":1,"featured_media":218,"comment_status":"closed","ping_status":"open","sticky":false,"template":"","format":"standard","meta":{"rank_math_lock_modified_date":false,"footnotes":""},"categories":[3],"tags":[],"class_list":["post-189","post","type-post","status-publish","format-standard","has-post-thumbnail","hentry","category-catolica","has_thumb"],"_links":{"self":[{"href":"https:\/\/oracionsanta.com\/pt\/wp-json\/wp\/v2\/posts\/189","targetHints":{"allow":["GET"]}}],"collection":[{"href":"https:\/\/oracionsanta.com\/pt\/wp-json\/wp\/v2\/posts"}],"about":[{"href":"https:\/\/oracionsanta.com\/pt\/wp-json\/wp\/v2\/types\/post"}],"author":[{"embeddable":true,"href":"https:\/\/oracionsanta.com\/pt\/wp-json\/wp\/v2\/users\/1"}],"replies":[{"embeddable":true,"href":"https:\/\/oracionsanta.com\/pt\/wp-json\/wp\/v2\/comments?post=189"}],"version-history":[{"count":0,"href":"https:\/\/oracionsanta.com\/pt\/wp-json\/wp\/v2\/posts\/189\/revisions"}],"wp:featuredmedia":[{"embeddable":true,"href":"https:\/\/oracionsanta.com\/pt\/wp-json\/wp\/v2\/media\/218"}],"wp:attachment":[{"href":"https:\/\/oracionsanta.com\/pt\/wp-json\/wp\/v2\/media?parent=189"}],"wp:term":[{"taxonomy":"category","embeddable":true,"href":"https:\/\/oracionsanta.com\/pt\/wp-json\/wp\/v2\/categories?post=189"},{"taxonomy":"post_tag","embeddable":true,"href":"https:\/\/oracionsanta.com\/pt\/wp-json\/wp\/v2\/tags?post=189"}],"curies":[{"name":"wp","href":"https:\/\/api.w.org\/{rel}","templated":true}]}}