{"id":203,"date":"2021-06-27T15:35:34","date_gmt":"2021-06-27T15:35:34","guid":{"rendered":"https:\/\/oracionsanta.com\/pt\/?p=203"},"modified":"2021-06-02T15:46:08","modified_gmt":"2021-06-02T15:46:08","slug":"oracao-para-invocar-o-espirito-santo","status":"publish","type":"post","link":"https:\/\/oracionsanta.com\/pt\/oracao-para-invocar-o-espirito-santo\/","title":{"rendered":"Ora\u00e7\u00e3o para Invocar O Esp\u00edrito Santo Em Casos Dif\u00edceis E Muito Mais"},"content":{"rendered":"<p><span style=\"vertical-align: inherit;\">A melhor ferramenta est\u00e1 sempre ao seu alcance para realizar uma <\/span><strong><span style=\"vertical-align: inherit;\">ora\u00e7\u00e3o poderosa<\/span><\/strong><span style=\"vertical-align: inherit;\"> onde voc\u00ea possa se sentir pr\u00f3ximo do <\/span><strong><span style=\"vertical-align: inherit;\">esp\u00edrito divino<\/span><\/strong><span style=\"vertical-align: inherit;\"> e tamb\u00e9m dos <\/span><strong><span style=\"vertical-align: inherit;\">dons<\/span><\/strong><span style=\"vertical-align: inherit;\"> do pai celestial, que o ajudar\u00e1 em seu problema.<\/span><\/p>\n<p><span style=\"vertical-align: inherit;\">Aproxime-se de <\/span><strong><span style=\"vertical-align: inherit;\">Deus<\/span><\/strong><span style=\"vertical-align: inherit;\"> e voc\u00ea ver\u00e1 que os melhores resultados simplesmente surgem por si mesmos, com um cora\u00e7\u00e3o disposto voc\u00ea pode atingir os objetivos.<\/span><\/p>\n<h2><span style=\"vertical-align: inherit;\">Como invocar o Esp\u00edrito Santo para orar<\/span><\/h2>\n<p><img loading=\"lazy\" decoding=\"async\"  class=\"aligncenter size-full wp-image-230\" src=\"data:image\/gif,GIF89a%01%00%01%00%80%00%00%00%00%00%FF%FF%FF%21%F9%04%01%00%00%00%00%2C%00%00%00%00%01%00%01%00%00%02%01D%00%3B\" data-layzr=\"https:\/\/oracionsanta.com\/pt\/wp-content\/uploads\/oracao-para-invocar-o-espirito-santo.jpg\" alt=\"oracao para invocar o espirito santo\" width=\"359\" height=\"200\" \/><\/p>\n<p><span style=\"vertical-align: inherit;\">Chame o Esp\u00edrito Santo pedindo-lhe que o ajude em suas dificuldades, esteja presente em todas as situa\u00e7\u00f5es dif\u00edceis que podem tornar seus dias um sofrimento, n\u00e3o hesite em ouvi-lo.<\/span><\/p>\n<p style=\"text-align: center;\"><span style=\"vertical-align: inherit;\"><div class=\"oracion\"><div class=\"oracionContainer\"><div class=\"oracionContent\"><\/span><\/p>\n<p style=\"text-align: center;\"><span style=\"vertical-align: inherit;\">Pai de miseric\u00f3rdia, <\/span><br \/>\n<span style=\"vertical-align: inherit;\">Grande \u00e9 o teu poder, <\/span><br \/>\n<span style=\"vertical-align: inherit;\">Mas ainda mais o teu cora\u00e7\u00e3o, <\/span><br \/>\n<span style=\"vertical-align: inherit;\">Pois apesar de tudo, <\/span><br \/>\n<span style=\"vertical-align: inherit;\">Dos teus filhos pecadores, <\/span><br \/>\n<span style=\"vertical-align: inherit;\">A\u00ed fica tu, <\/span><br \/>\n<span style=\"vertical-align: inherit;\">Dando-nos o teu amor, A <\/span><br \/>\n<span style=\"vertical-align: inherit;\">tua extraordin\u00e1ria miseric\u00f3rdia, <\/span><br \/>\n<span style=\"vertical-align: inherit;\">E por isso te louvo, te venero , <\/span><br \/>\n<span style=\"vertical-align: inherit;\">Dando-lhe gra\u00e7as infinitas, <\/span><br \/>\n<span style=\"vertical-align: inherit;\">Rezando para voc\u00ea, <\/span><br \/>\n<span style=\"vertical-align: inherit;\">Para o significado que voc\u00ea tem em minha vida, <\/span><br \/>\n<span style=\"vertical-align: inherit;\">Pois pertence a voc\u00ea, <\/span><br \/>\n<span style=\"vertical-align: inherit;\">Em corpo e alma, <\/span><br \/>\n<span style=\"vertical-align: inherit;\">Am\u00e9m.<\/span><\/p>\n<p style=\"text-align: center;\"><span style=\"vertical-align: inherit;\"><\/div><\/div><\/div><\/span><\/p>\n<h3><span style=\"vertical-align: inherit;\">Ora\u00e7\u00e3o para invocar o Esp\u00edrito Santo<\/span><\/h3>\n<p><span style=\"vertical-align: inherit;\">Antes de come\u00e7ar a <\/span><strong><span style=\"vertical-align: inherit;\">rezar<\/span><\/strong><span style=\"vertical-align: inherit;\"> a seguinte invoca\u00e7\u00e3o, acrescente as seguintes palavras: &#8221; <\/span><strong><span style=\"vertical-align: inherit;\">venha<\/span><\/strong><span style=\"vertical-align: inherit;\"> ao meu esp\u00edrito criativo de vida&#8221;, depois dedique um Pai-Nosso junto com uma Ave Maria para a sua ora\u00e7\u00e3o.<\/span><\/p>\n<p style=\"text-align: center;\"><span style=\"vertical-align: inherit;\"><div class=\"oracion\"><div class=\"oracionContainer\"><div class=\"oracionContent\"><\/span><\/p>\n<p style=\"text-align: center;\"><span style=\"vertical-align: inherit;\">Pai Celeste, <\/span><br \/>\n<span style=\"vertical-align: inherit;\">Teu \u00e9 o mundo, <\/span><br \/>\n<span style=\"vertical-align: inherit;\">E a vida de cada um de n\u00f3s, <\/span><br \/>\n<span style=\"vertical-align: inherit;\">Tu \u00e9s o caminho a percorrer, <\/span><br \/>\n<span style=\"vertical-align: inherit;\">O caminho da luz, <\/span><br \/>\n<span style=\"vertical-align: inherit;\">Da felicidade inigual\u00e1vel, <\/span><br \/>\n<span style=\"vertical-align: inherit;\">Daquele sentimento latente, <\/span><br \/>\n<span style=\"vertical-align: inherit;\">Nos teus filhos, nos teus fi\u00e9is, <\/span><br \/>\n<span style=\"vertical-align: inherit;\">eu te invoco, <\/span><br \/>\n<span style=\"vertical-align: inherit;\">Para minha casa, minha vida, <\/span><br \/>\n<span style=\"vertical-align: inherit;\">Em sua plenitude, <\/span><br \/>\n<span style=\"vertical-align: inherit;\">Para que voc\u00ea fa\u00e7a parte dela, <\/span><br \/>\n<span style=\"vertical-align: inherit;\">Para que a aben\u00e7oe, <\/span><br \/>\n<span style=\"vertical-align: inherit;\">E voc\u00ea \u00e9 minha b\u00fassola para n\u00e3o me perder, <\/span><br \/>\n<span style=\"vertical-align: inherit;\">Am\u00e9m.<\/span><\/p>\n<p style=\"text-align: center;\"><span style=\"vertical-align: inherit;\"><\/div><\/div><\/div><\/span><\/p>\n<h3><span style=\"vertical-align: inherit;\">Ora\u00e7\u00e3o invocando o Esp\u00edrito Santo para ser um bom crist\u00e3o<\/span><\/h3>\n<p><span style=\"vertical-align: inherit;\">Se queres que <\/span><strong><span style=\"vertical-align: inherit;\">Jesus te<\/span><\/strong><span style=\"vertical-align: inherit;\"> ou\u00e7a e acima de tudo te permita ser um melhor e bom crist\u00e3o, cada uma destas linhas te dar\u00e1 al\u00edvio, acalma o teu cora\u00e7\u00e3o que tanto necessita da sua ajuda.<\/span><\/p>\n<p style=\"text-align: center;\"><span style=\"vertical-align: inherit;\"><div class=\"oracion\"><div class=\"oracionContainer\"><div class=\"oracionContent\"><\/span><\/p>\n<p style=\"text-align: center;\"><span style=\"vertical-align: inherit;\">Cristo na cruz, <\/span><br \/>\n<span style=\"vertical-align: inherit;\">Que sofreu dor e tortura, <\/span><br \/>\n<span style=\"vertical-align: inherit;\">Quem at\u00e9 no seu Calv\u00e1rio, <\/span><br \/>\n<span style=\"vertical-align: inherit;\">Voc\u00ea se manteve firme, <\/span><br \/>\n<span style=\"vertical-align: inherit;\">Crendo no pai, <\/span><br \/>\n<span style=\"vertical-align: inherit;\">Em sua palavra e ensinamentos, <\/span><br \/>\n<span style=\"vertical-align: inherit;\">eu te imploro em nome desse sacrif\u00edcio, <\/span><br \/>\n<span style=\"vertical-align: inherit;\">Da dedica\u00e7\u00e3o genu\u00edna, <\/span><br \/>\n<span style=\"vertical-align: inherit;\">Que voc\u00ea permite Que eu siga seu exemplo, <\/span><br \/>\n<span style=\"vertical-align: inherit;\">Ser um bom crist\u00e3o, <\/span><br \/>\n<span style=\"vertical-align: inherit;\">Um de dedica\u00e7\u00e3o, <\/span><br \/>\n<span style=\"vertical-align: inherit;\">De valores na fam\u00edlia e individual, <\/span><br \/>\n<span style=\"vertical-align: inherit;\">E acima de tudo de amor para voc\u00ea, <\/span><br \/>\n<span style=\"vertical-align: inherit;\">E para seus salmos, eu te imploro, <\/span><br \/>\n<span style=\"vertical-align: inherit;\">Am\u00e9m.<\/span><\/p>\n<p style=\"text-align: center;\"><span style=\"vertical-align: inherit;\"><\/div><\/div><\/div><\/span><\/p>\n<h3><span style=\"vertical-align: inherit;\">Ora\u00e7\u00e3o para invocar o Esp\u00edrito Santo pelas crian\u00e7as<\/span><\/h3>\n<p><span style=\"vertical-align: inherit;\">Deixe que o <\/span><strong><span style=\"vertical-align: inherit;\">Senhor<\/span><\/strong><span style=\"vertical-align: inherit;\"> seja o principal arquiteto da sua vida em cada etapa que voc\u00ea est\u00e1 passando e, acima de tudo, ensine aos seus filhos que a melhor maneira de realizar seus sonhos \u00e9 ao lado de Deus.<\/span><\/p>\n<p style=\"text-align: center;\"><span style=\"vertical-align: inherit;\"><div class=\"oracion\"><div class=\"oracionContainer\"><div class=\"oracionContent\"><\/span><\/p>\n<p style=\"text-align: center;\"><span style=\"vertical-align: inherit;\">Anjo da guarda, <\/span><br \/>\n<span style=\"vertical-align: inherit;\">Que voc\u00ea me proteja noite e dia, <\/span><br \/>\n<span style=\"vertical-align: inherit;\">Que voc\u00ea seja minha prote\u00e7\u00e3o, <\/span><br \/>\n<span style=\"vertical-align: inherit;\">E meu ref\u00fagio em todos os momentos, <\/span><br \/>\n<span style=\"vertical-align: inherit;\">eu rogo a voc\u00ea, eu oro a voc\u00ea, <\/span><br \/>\n<span style=\"vertical-align: inherit;\">Com alegria e venera\u00e7\u00e3o, <\/span><br \/>\n<span style=\"vertical-align: inherit;\">Para que voc\u00ea me traga, <\/span><br \/>\n<span style=\"vertical-align: inherit;\">O esp\u00edrito santo, <\/span><br \/>\n<span style=\"vertical-align: inherit;\">Para a terceira face de Deus, <\/span><br \/>\n<span style=\"vertical-align: inherit;\">Para minha vida, para meu caminho, <\/span><br \/>\n<span style=\"vertical-align: inherit;\">Deixe sua magia me envolver, <\/span><br \/>\n<span style=\"vertical-align: inherit;\">E seja minha maior b\u00ean\u00e7\u00e3o, <\/span><br \/>\n<span style=\"vertical-align: inherit;\">E minha maior fortuna, <\/span><br \/>\n<span style=\"vertical-align: inherit;\">Para t\u00ea-lo sempre ao meu lado, <\/span><br \/>\n<span style=\"vertical-align: inherit;\">Am\u00e9m.<\/span><\/p>\n<p style=\"text-align: center;\"><span style=\"vertical-align: inherit;\"><\/div><\/div><\/div><\/span><\/p>\n<h3><span style=\"vertical-align: inherit;\">Ora\u00e7\u00e3o para implorar ao Esp\u00edrito Santo em casos dif\u00edceis<\/span><\/h3>\n<p><span style=\"vertical-align: inherit;\">Se voc\u00ea est\u00e1 passando por uma situa\u00e7\u00e3o que s\u00f3 lhe causa preocupa\u00e7\u00f5es e dores de cabe\u00e7a, n\u00e3o continue sofrendo mais sem saber o que fazer, encontre o melhor caminho para sua conquista e recupere sua felicidade.<\/span><\/p>\n<p style=\"text-align: center;\"><span style=\"vertical-align: inherit;\"><div class=\"oracion\"><div class=\"oracionContainer\"><div class=\"oracionContent\"><\/span><\/p>\n<p style=\"text-align: center;\"><span style=\"vertical-align: inherit;\">Virgem misericordiosa, <\/span><br \/>\n<span style=\"vertical-align: inherit;\">Da paz entre os homens, <\/span><br \/>\n<span style=\"vertical-align: inherit;\">Tu \u00e9s o ensinamento da vida, <\/span><br \/>\n<span style=\"vertical-align: inherit;\">De esp\u00edrito inquebr\u00e1vel, <\/span><br \/>\n<span style=\"vertical-align: inherit;\">Tu \u00e9s o meu exemplo, <\/span><br \/>\n<span style=\"vertical-align: inherit;\">Como m\u00e3e, como filha, como devota, <\/span><br \/>\n<span style=\"vertical-align: inherit;\">E por essas raz\u00f5es eu te imploro, <\/span><br \/>\n<span style=\"vertical-align: inherit;\">Neste dia, Onde est\u00e1 minha vida Fica escuro, <\/span><br \/>\n<span style=\"vertical-align: inherit;\">Dif\u00edcil e em todas as situa\u00e7\u00f5es, <\/span><br \/>\n<span style=\"vertical-align: inherit;\">S\u00f3 me causa mais dor e ang\u00fastia, Seja <\/span><br \/>\n<span style=\"vertical-align: inherit;\">voc\u00ea minha mudan\u00e7a, <\/span><br \/>\n<span style=\"vertical-align: inherit;\">Renova\u00e7\u00e3o de minha alma, <\/span><br \/>\n<span style=\"vertical-align: inherit;\">E acima de tudo me proteja, <\/span><br \/>\n<span style=\"vertical-align: inherit;\">Do perigo e me encha com o esp\u00edrito de Deus, <\/span><br \/>\n<span style=\"vertical-align: inherit;\">Am\u00e9m.<\/span><\/p>\n<p style=\"text-align: center;\"><span style=\"vertical-align: inherit;\"><\/div><\/div><\/div><\/span><\/p>\n<h3><span style=\"vertical-align: inherit;\">Ora\u00e7\u00e3o crist\u00e3 para invocar o Esp\u00edrito Santo<\/span><\/h3>\n<p><span style=\"vertical-align: inherit;\">Esta ora\u00e7\u00e3o <\/span><strong><span style=\"vertical-align: inherit;\">crist\u00e3<\/span><\/strong><span style=\"vertical-align: inherit;\"> vai dar-lhe as ferramentas necess\u00e1rias e a melhor faculdade para poder, com propriedade, aproximar-se daquela entidade divina que est\u00e1 \u00e0 sua volta e espera que a chame.<\/span><\/p>\n<p style=\"text-align: center;\"><span style=\"vertical-align: inherit;\"><div class=\"oracion\"><div class=\"oracionContainer\"><div class=\"oracionContent\"><\/span><\/p>\n<p style=\"text-align: center;\"><span style=\"vertical-align: inherit;\">Honra voc\u00ea \u00e9, <\/span><br \/>\n<span style=\"vertical-align: inherit;\">Pai de for\u00e7a e justi\u00e7a! <\/span><br \/>\n<span style=\"vertical-align: inherit;\">Diante de ti me ofere\u00e7o, <\/span><br \/>\n<span style=\"vertical-align: inherit;\">Como volunt\u00e1rio do teu amor, <\/span><br \/>\n<span style=\"vertical-align: inherit;\">Como ref\u00fagio para <\/span><br \/>\n<span style=\"vertical-align: inherit;\">quem mais precisa de ti, <\/span><br \/>\n<span style=\"vertical-align: inherit;\">Da tua palavra, dos teus salmos, <\/span><br \/>\n<span style=\"vertical-align: inherit;\">te invoco ao meu lado, <\/span><br \/>\n<span style=\"vertical-align: inherit;\">\u00c0 minha vida em todo o seu contexto, <\/span><br \/>\n<span style=\"vertical-align: inherit;\">Para que tu ocupe cada espa\u00e7o, <\/span><br \/>\n<span style=\"vertical-align: inherit;\">E seja voc\u00ea a tela para pintar, <\/span><br \/>\n<span style=\"vertical-align: inherit;\">Para criar arte apesar das adversidades, <\/span><br \/>\n<span style=\"vertical-align: inherit;\">E acredite sempre na sua palavra, <\/span><br \/>\n<span style=\"vertical-align: inherit;\">Esp\u00edrito, n\u00e3o me abandone, <\/span><br \/>\n<span style=\"vertical-align: inherit;\">Am\u00e9m.<\/span><\/p>\n<p style=\"text-align: center;\"><span style=\"vertical-align: inherit;\"><\/div><\/div><\/div><\/span><\/p>\n<p><span style=\"vertical-align: inherit;\">Obtenha os melhores resultados com estas ora\u00e7\u00f5es <\/span><strong><span style=\"vertical-align: inherit;\">cat\u00f3licas<\/span><\/strong><span style=\"vertical-align: inherit;\"> que ir\u00e3o abrir as portas da prosperidade, do encontro, da ajuda e sobretudo daquela liga\u00e7\u00e3o que pretende ter com o Todo-Poderoso.<\/span><\/p>\n<p><span style=\"vertical-align: inherit;\">N\u00e3o duvide que, ao orar, voc\u00ea ser\u00e1 capaz de transformar sua vida naquela constru\u00e7\u00e3o <\/span><strong><span style=\"vertical-align: inherit;\">milagrosa<\/span><\/strong><span style=\"vertical-align: inherit;\"> que o Redentor preparar\u00e1 para voc\u00ea.<\/span><\/p>\n<p>&nbsp;<\/p>\n","protected":false},"excerpt":{"rendered":"<p>A melhor ferramenta est\u00e1 sempre ao seu alcance para realizar uma ora\u00e7\u00e3o poderosa onde voc\u00ea possa se sentir pr\u00f3ximo do esp\u00edrito divino e tamb\u00e9m dos dons do pai celestial, que o ajudar\u00e1 em seu problema. Aproxime-se de Deus e voc\u00ea ver\u00e1 que os melhores resultados simplesmente surgem por si mesmos, com um cora\u00e7\u00e3o disposto voc\u00ea pode atingir os objetivos. Como invocar o Esp\u00edrito Santo para orar Chame o Esp\u00edrito Santo pedindo-lhe que o ajude em suas dificuldades, esteja presente em todas as situa\u00e7\u00f5es dif\u00edceis que podem tornar seus dias um sofrimento, n\u00e3o hesite em ouvi-lo. Ora\u00e7\u00e3o para invocar o Esp\u00edrito <\/p>\n","protected":false},"author":1,"featured_media":230,"comment_status":"closed","ping_status":"open","sticky":false,"template":"","format":"standard","meta":{"rank_math_lock_modified_date":false,"footnotes":""},"categories":[3],"tags":[],"class_list":["post-203","post","type-post","status-publish","format-standard","has-post-thumbnail","hentry","category-catolica","has_thumb"],"_links":{"self":[{"href":"https:\/\/oracionsanta.com\/pt\/wp-json\/wp\/v2\/posts\/203","targetHints":{"allow":["GET"]}}],"collection":[{"href":"https:\/\/oracionsanta.com\/pt\/wp-json\/wp\/v2\/posts"}],"about":[{"href":"https:\/\/oracionsanta.com\/pt\/wp-json\/wp\/v2\/types\/post"}],"author":[{"embeddable":true,"href":"https:\/\/oracionsanta.com\/pt\/wp-json\/wp\/v2\/users\/1"}],"replies":[{"embeddable":true,"href":"https:\/\/oracionsanta.com\/pt\/wp-json\/wp\/v2\/comments?post=203"}],"version-history":[{"count":0,"href":"https:\/\/oracionsanta.com\/pt\/wp-json\/wp\/v2\/posts\/203\/revisions"}],"wp:featuredmedia":[{"embeddable":true,"href":"https:\/\/oracionsanta.com\/pt\/wp-json\/wp\/v2\/media\/230"}],"wp:attachment":[{"href":"https:\/\/oracionsanta.com\/pt\/wp-json\/wp\/v2\/media?parent=203"}],"wp:term":[{"taxonomy":"category","embeddable":true,"href":"https:\/\/oracionsanta.com\/pt\/wp-json\/wp\/v2\/categories?post=203"},{"taxonomy":"post_tag","embeddable":true,"href":"https:\/\/oracionsanta.com\/pt\/wp-json\/wp\/v2\/tags?post=203"}],"curies":[{"name":"wp","href":"https:\/\/api.w.org\/{rel}","templated":true}]}}