{"id":314,"date":"2021-07-26T11:38:55","date_gmt":"2021-07-26T11:38:55","guid":{"rendered":"https:\/\/oracionsanta.com\/pt\/?p=314"},"modified":"2021-06-03T01:38:35","modified_gmt":"2021-06-03T01:38:35","slug":"oracao-pela-familia","status":"publish","type":"post","link":"https:\/\/oracionsanta.com\/pt\/oracao-pela-familia\/","title":{"rendered":"Ora\u00e7\u00e3o pela Fam\u00edlia Crist\u00e3, Evang\u00e9lica, Separada e Mais"},"content":{"rendered":"<div>\n<p>Se voc\u00ea quiser uma ora\u00e7\u00e3o para chegar a <strong>Deus <\/strong>e ser capaz de expor seu <strong>peti\u00e7\u00e3o <\/strong>como por voc\u00ea <strong>Casa, <\/strong>n\u00e3o hesite em ir \u00e0s v\u00e1rias op\u00e7\u00f5es que deixamos para voc\u00ea, para que possa sustentar sua fam\u00edlia <strong>Unido <\/strong>para sempre.<\/p>\n<p>Pedir ao <strong>Papai <\/strong>para que ele te encha da sua miseric\u00f3rdia e sobretudo para que te d\u00ea a sua for\u00e7a e a sua transforma\u00e7\u00e3o sincera.<\/p>\n<h2><span id=\"Oracion_por_la_familia_a_la_Madre_Teresa\">Ora\u00e7\u00e3o pela fam\u00edlia \u00e0 Madre Teresa<\/span><\/h2>\n<p>Ore \u00e0 infinita bondade de Madre Teresa para proteger sua fam\u00edlia em todos os momentos e dar luz a cada decis\u00e3o que voc\u00ea tomar, seja individual ou coletivamente, esta ora\u00e7\u00e3o ser\u00e1 a sua salva\u00e7\u00e3o.<\/p>\n<div class=\"oracion\">\n<div class=\"oracionContainer\">\n<div class=\"oracionContent\">\n<p style=\"text-align: center;\">Pai aben\u00e7oado,<br \/>Sua miseric\u00f3rdia \u00e9 reconhecida,<br \/>Como a isca de tristezas,<br \/>Eu te pe\u00e7o, em nome de Madre Teresa,<br \/>Pra voce me ajudar,<br \/>Para que voce aben\u00e7oe minha familia,<br \/>Para cada um de seus membros,<br \/>Deixe-os viver, sob sua gl\u00f3ria e ajuda,<br \/>Para que sempre seja,<br \/>Seus fervorosos fi\u00e9is,<br \/>E os crentes na palavra de Deus,<br \/>Quem \u00e9 gl\u00f3ria e poder,<br \/>Para sempre,<br \/>Na vida e na morte,<br \/>Um homem.<\/p>\n<\/div>\n<\/div>\n<\/div>\n<h3><span id=\"Oracion_por_la_familia_cristiana\">Ora\u00e7\u00e3o pela fam\u00edlia crist\u00e3<\/span><\/h3>\n<p>Receber o <strong>b\u00ean\u00e7\u00e3o <\/strong>e o amor que <strong>Jesus <\/strong>tem para si, para a sua fam\u00edlia e para cada um dos seus membros, com estas linhas simples poder\u00e1 testemunhar como com f\u00e9 cada meta pode ser alcan\u00e7ada.<\/p>\n<div class=\"oracion\">\n<div class=\"oracionContainer\">\n<div class=\"oracionContent\">\n<p style=\"text-align: center;\">Santo Cristo,<br \/>Eu levanto estas linhas para voc\u00ea,<br \/>Com toda a minha esperan\u00e7a em voc\u00ea<br \/>Para que voc\u00ea fa\u00e7a parte da minha fam\u00edlia,<br \/>Seu eixo e pedra angular,<br \/>Ajude-nos a superar as adversidades,<br \/>E cada situa\u00e7\u00e3o dif\u00edcil,<br \/>Sempre segurando sua m\u00e3o,<br \/>E seguindo seu caminho,<br \/>Porque h\u00e1 reden\u00e7\u00e3o,<br \/>A renova\u00e7\u00e3o da alma,<br \/>E a partir do sentimento sincero,<br \/>Te pe\u00e7o,<br \/>Com toda a minha certeza de f\u00e9,<br \/>Um homem.<\/p>\n<\/div>\n<\/div>\n<\/div>\n<h3><span id=\"Oracion_por_la_familia_en_navidad\">Ora\u00e7\u00e3o pela fam\u00edlia no Natal<\/span><\/h3>\n<p>A \u00e9poca natal\u00edcia \u00e9 dias de amor, paz e sobretudo de podermos partilhar com cada um dos nossos familiares, pe\u00e7o ao divino filho que te conceda o milagre da unifica\u00e7\u00e3o familiar no seu m\u00eas.<\/p>\n<div class=\"oracion\">\n<div class=\"oracionContainer\">\n<div class=\"oracionContent\">\n<p style=\"text-align: center;\">Menino divino Jesus,<br \/>Seu natal est\u00e1 chegando<br \/>Seu tempo de amor e encontro,<br \/>Onde nos lembramos do seu nascimento,<br \/>E como sua m\u00e3e viveu cada momento,<br \/>Em constante amor pelo criador,<br \/>Embebido nessa f\u00e9 que transforma,<br \/>Cada cora\u00e7\u00e3o e cada ser<br \/>Por todas essas circunst\u00e2ncias,<br \/>Eu te imploro para minha familia,<br \/>Para que cada um deles sinta essa magia,<br \/>Essa ess\u00eancia que s\u00f3 voc\u00ea poderia nos dar,<br \/>Porque nele o seu amor \u00e9 encontrado,<br \/>E sua gl\u00f3ria infinita<br \/>Um homem.<\/p>\n<\/div>\n<\/div>\n<\/div>\n<h3><span id=\"Oracion_por_la_familia_evangelica\">Ora\u00e7\u00e3o pela fam\u00edlia evang\u00e9lica<\/span><\/h3>\n<p>Quando voc\u00ea tem a certeza de que alcan\u00e7aremos cada desejo, todos os impedimentos desaparecem e as oportunidades aparecem como janelas para um futuro muito melhor, espere alcan\u00e7ar isso orando.<\/p>\n<div class=\"oracion\">\n<div class=\"oracionContainer\">\n<div class=\"oracionContent\">\n<p style=\"text-align: center;\">Jeov\u00e1,<br \/>Pai da compreens\u00e3o,<br \/>De poder sem igual,<br \/>Cada um de n\u00f3s,<br \/>Que est\u00e3o reunidos aqui,<br \/>Pedimos para nossa fam\u00edlia,<br \/>Para sua unifica\u00e7\u00e3o,<br \/>Tanto em cada dificuldade quanto nas alegrias,<br \/>Para se levantar das pedras de trope\u00e7o,<br \/>E sempre acredite nesse amor<br \/>Que s\u00f3 a sua palavra poderia transmitir,<br \/>Purifique nossos cora\u00e7\u00f5es<br \/>Para merecer sua miseric\u00f3rdia,<br \/>E nos torne dignos de seus milagres,<br \/>Um homem.<\/p>\n<\/div>\n<\/div>\n<\/div>\n<h3><span id=\"Oracion_por_la_familia_en_la_biblia\">Ora\u00e7\u00e3o pela fam\u00edlia na b\u00edblia<\/span><\/h3>\n<p>Os salmos da B\u00edblia t\u00eam como objetivo dar-nos tranquilidade, ser o incentivo do nosso cora\u00e7\u00e3o e, sobretudo, dar-nos a oportunidade de construir um futuro em fam\u00edlia cheio de possibilidades.<\/p>\n<div class=\"oracion\">\n<div class=\"oracionContainer\">\n<div class=\"oracionContent\">\n<p style=\"text-align: center;\">Salmos de deus,<br \/>Palavra do mais alto,<br \/>Hoje, eu dedico minha f\u00e9 a voc\u00ea,<br \/>Para cada par\u00e1grafo e para cada disc\u00edpulo,<br \/>Isso ajudou a escrev\u00ea-lo,<br \/>Deixe-me dizer as palavras certas<br \/>Tenha aquela f\u00e9 sublime,<br \/>Isso sempre nos d\u00e1 certeza,<br \/>Tendo a B\u00edblia como ferramenta,<br \/>Para guiar, para lutar,<br \/>Para encher o cora\u00e7\u00e3o de for\u00e7a,<br \/>E sinta os elogios do mais alto,<br \/>Eu confio em voc\u00ea,<br \/>E eu dou a minha familia<br \/>Um homem.<\/p>\n<\/div>\n<\/div>\n<\/div>\n<h3><span id=\"Oracion_por_la_familia_y_los_hijos\">Ora\u00e7\u00e3o pela fam\u00edlia e filhos<\/span><\/h3>\n<p>A nossa fam\u00edlia \u00e9 sem d\u00favida esse n\u00facleo que se torna o eixo principal da nossa vida, de cada um dos nossos caminhos que decidimos seguir, por isso mesmo \u00e9 importante estarmos sempre rezando por ela e pelos nossos filhos.<\/p>\n<div class=\"oracion\">\n<div class=\"oracionContainer\">\n<div class=\"oracionContent\">\n<p style=\"text-align: center;\">San Benito,<br \/>Gl\u00f3ria do pai celestial,<br \/>Voc\u00ea que \u00e9 a luz do universo<br \/>Cren\u00e7a e f\u00e9 perp\u00e9tua,<br \/>Eu coloquei nas suas m\u00e3os<br \/>Para meus filhos, para minha fam\u00edlia,<br \/>Para que todos recebam de suas b\u00ean\u00e7\u00e3os,<br \/>Do seu sopro de for\u00e7a,<br \/>Para vencer,<br \/>Cada obst\u00e1culo que surge em seu caminho,<br \/>E que independentemente da dificuldade,<br \/>Acredite firmemente,<br \/>Que voc\u00ea estar\u00e1 l\u00e1,<br \/>Para ajud\u00e1-los,<br \/>Um homem.<\/p>\n<\/div>\n<\/div>\n<\/div>\n<h3><span id=\"Oracion_para_dar_gracias_por_la_familia\">Ora\u00e7\u00e3o para agradecer pela fam\u00edlia<\/span><\/h3>\n<p>Esta ora\u00e7\u00e3o <strong>baixo <\/strong>Ser\u00e1 ideal para agradecer por cada favor que voc\u00ea recebeu, permitir que sua fam\u00edlia agrade\u00e7a ao Pai da Miseric\u00f3rdia por cada uma de suas b\u00ean\u00e7\u00e3os e ajuda.<\/p>\n<div class=\"oracion\">\n<div class=\"oracionContainer\">\n<div class=\"oracionContent\">\n<p style=\"text-align: center;\">Pai de miseric\u00f3rdia,<br \/>Hoje, estamos todos reunidos aqui,<br \/>Dando a voc\u00ea um agradecimento infinito,<br \/>Para cada um de seus favores,<br \/>O que acabamos de receber,<br \/>Pelo sagrado dom da vida,<br \/>De sa\u00fade e prosperidade,<br \/>\u00c9 por isso que pedimos a voc\u00eas, como uma fam\u00edlia,<br \/>Que voc\u00ea n\u00e3o se afaste,<br \/>Do nosso jeito,<br \/>Da rota que cada um faz,<br \/>Juntos ou separadamente,<br \/>Que voc\u00ea sempre for\u00e7a,<br \/>Junte-se a n\u00f3s,<br \/>Um homem.<\/p>\n<\/div>\n<\/div>\n<\/div>\n<h3><span id=\"Oracion_por_la_familia_de_un_difunto\">Ora\u00e7\u00e3o pela fam\u00edlia de um falecido<\/span><\/h3>\n<p>Embora a dor possa nublar os nossos sentidos, e s\u00f3 desejemos continuar nos afogando na tristeza, \u00e9 importante ter um instrumento ao qual nos agarrar, para nos salvar e acima de tudo para alcan\u00e7ar a calma divina.<\/p>\n<div class=\"oracion\">\n<div class=\"oracionContainer\">\n<div class=\"oracionContent\">\n<p style=\"text-align: center;\">Virgem morena,<br \/>Neste dia de luto<br \/>Onde a dor nos cega<br \/>E sentimos que n\u00e3o ag\u00fcentamos mais,<br \/>Eu me ajoelho diante de voc\u00ea,<br \/>Para aquela familia,<br \/>Que hoje \u00e9,<br \/>Sofrendo uma perda de vida,<br \/>Eu pe\u00e7o sua miseric\u00f3rdia,<br \/>E voc\u00ea ajuda para que eles possam,<br \/>Supere sua dor, sua tristeza,<br \/>Entenda os des\u00edgnios de Deus,<br \/>E, acima de tudo, continue,<br \/>Orando para encontrar paz,<br \/>Um homem.<\/p>\n<\/div>\n<\/div>\n<\/div>\n<h3><span id=\"Oracion_por_la_familia_al_Papa_Francisco\">Ora\u00e7\u00e3o pela fam\u00edlia ao Papa Francisco<\/span><\/h3>\n<p>O Santo Padre \u00e9 reconhecido por ser um s\u00edmbolo do amor familiar, por conseguir gradualmente com as suas palavras o reencontro e a unifica\u00e7\u00e3o de muitas fam\u00edlias, deixe que esse esp\u00edrito tamb\u00e9m os preencha.<\/p>\n<div class=\"oracion\">\n<div class=\"oracionContainer\">\n<div class=\"oracionContent\">\n<p style=\"text-align: center;\">Papa Francisco,<br \/>Pai aben\u00e7oado,<br \/>Guia e leme da igreja,<br \/>Hoje, eu clamo esta ora\u00e7\u00e3o para voc\u00ea,<br \/>Para que voc\u00ea ilumine<br \/>Cheio de b\u00ean\u00e7\u00e3os,<br \/>Para cada um dos membros,<br \/>Da minha familia, que te amo,<br \/>E com saudade n\u00f3s oramos a voc\u00ea,<br \/>Seja o impulso da vida,<br \/>O exemplo para manter a f\u00e9 e a esperan\u00e7a,<br \/>Mesmo nas circunst\u00e2ncias<br \/>Mais tortuoso,<br \/>Pe\u00e7o,<br \/>Um homem.<\/p>\n<\/div>\n<\/div>\n<\/div>\n<h3><span id=\"Oracion_por_la_familia_separada\">Ora\u00e7\u00e3o pela fam\u00edlia separada<\/span><\/h3>\n<p>Se o seu ambiente familiar est\u00e1 separado e voc\u00ea deseja encontrar a forma de prevalecer a comunica\u00e7\u00e3o e os la\u00e7os para adquirir uma nuance mais forte e importante, esta invoca\u00e7\u00e3o ser\u00e1 o seu melhor guia.<\/p>\n<div class=\"oracion\">\n<div class=\"oracionContainer\">\n<div class=\"oracionContent\">\n<p style=\"text-align: center;\">Santo Onofre,<br \/>Voc\u00ea \u00e9 a for\u00e7a da natureza<br \/>Da vida em cada um de seus aspectos,<br \/>Por isso mesmo,<br \/>Te pe\u00e7o pela minha familia,<br \/>Que \u00e9 separado,<br \/>Ajude-nos a nos encontrar novamente,<br \/>Para acreditar novamente na unifica\u00e7\u00e3o,<br \/>N\u00e3o apenas f\u00edsica,<br \/>Mas tamb\u00e9m espiritual,<br \/>Para alcan\u00e7ar a gl\u00f3ria do pai,<br \/>Como um grupo unido,<br \/>Cheio de amor,<br \/>E desejos de melhoria,<br \/>Um homem.<\/p>\n<\/div>\n<\/div>\n<\/div>\n<h3><span id=\"Oracion_por_una_familia_con_problemas\">Ora\u00e7\u00e3o por uma fam\u00edlia problem\u00e1tica<\/span><\/h3>\n<p>As lutas, as discuss\u00f5es, todas t\u00eam uma solu\u00e7\u00e3o que est\u00e3o em linhas de f\u00e9 e amor, dediquem alguns minutos de seu tempo a Nossa Senhora da Paz, implorando-lhe a solu\u00e7\u00e3o de cada problema de sua linhagem.<\/p>\n<div class=\"oracion\">\n<div class=\"oracionContainer\">\n<div class=\"oracionContent\">\n<p style=\"text-align: center;\">Virgem da Paz,<br \/>Voc\u00ea \u00e9 sin\u00f4nimo de encontro,<br \/>De f\u00e9 e esperan\u00e7a<br \/>De calma de cora\u00e7\u00e3o,<br \/>Com essas palavras,<br \/>Eu imploro que voc\u00ea ou\u00e7a minha ora\u00e7\u00e3o,<br \/>Te exponho toda a minha humildade,<br \/>Meus desejos de amor, f\u00e9 e dor,<br \/>Tanto minhas alegrias quanto minhas tristezas,<br \/>E s\u00f3 em troca, eu te pergunto,<br \/>Para minha fam\u00edlia que est\u00e1 em apuros,<br \/>\u00d3 eterna m\u00e3e me ajude pe\u00e7o!<br \/>Com toda a minha sinceridade,<br \/>Permita-nos a media\u00e7\u00e3o,<br \/>Um homem.<\/p>\n<\/div>\n<\/div>\n<\/div>\n<h3><span id=\"Oracion_por_la_familia_catolica\">Ora\u00e7\u00e3o pela fam\u00edlia cat\u00f3lica<\/span><\/h3>\n<p>Santa Ana \u00e9 conhecida por ser um s\u00edmbolo de uni\u00e3o familiar, de ser capaz de resolver qualquer circunst\u00e2ncia dif\u00edcil e redescobrir aqueles cora\u00e7\u00f5es que est\u00e3o separados, n\u00e3o deixe que a falta de esperan\u00e7a te domine.<\/p>\n<div class=\"oracion\">\n<div class=\"oracionContainer\">\n<div class=\"oracionContent\">\n<p style=\"text-align: center;\">Santa Ana,<br \/>Guardi\u00e3o da lareira,<br \/>A voc\u00ea eu levanto cada uma de minhas s\u00faplicas,<br \/>Da minha tristeza,<br \/>E das minhas quedas,<br \/>Pedindo a voc\u00ea sempre e em todos os momentos,<br \/>Para minha fam\u00edlia, para seus membros,<br \/>Para meus filhos, para meu parceiro, para meus irm\u00e3os,<br \/>Para que possamos nos fortalecer,<br \/>Mantendo o respeito,<br \/>Compreens\u00e3o e unidade,<br \/>Proteja-nos sob sua prote\u00e7\u00e3o,<br \/>Livra-nos do pecado<br \/>E nos preencha com suas b\u00ean\u00e7\u00e3os, sempre,<br \/>Um homem.<\/p>\n<\/div>\n<\/div>\n<\/div>\n<p><strong>Perguntando <\/strong>Com a certeza necess\u00e1ria de que estamos sendo ouvidos, voc\u00ea pode transformar nossos dias, confie nele. <strong>Senhor, <\/strong>em seus santos e em tudo o que ele pode realizar para sua fam\u00edlia.<\/p>\n<p>Cada uma dessas ora\u00e7\u00f5es <strong>poderoso <\/strong>Isso lhe dar\u00e1 a calma espiritual de que voc\u00ea tanto precisa e a satisfa\u00e7\u00e3o de entrar em harmonia com o criador.<\/p>\n<\/p><\/div>\n","protected":false},"excerpt":{"rendered":"<p>Se voc\u00ea quiser uma ora\u00e7\u00e3o para chegar a Deus e ser capaz de expor seu peti\u00e7\u00e3o como por voc\u00ea Casa, n\u00e3o hesite em ir \u00e0s v\u00e1rias op\u00e7\u00f5es que deixamos para voc\u00ea, para que possa sustentar sua fam\u00edlia Unido para sempre. Pedir ao Papai para que ele te encha da sua miseric\u00f3rdia e sobretudo para que te d\u00ea a sua for\u00e7a e a sua transforma\u00e7\u00e3o sincera. Ora\u00e7\u00e3o pela fam\u00edlia \u00e0 Madre Teresa Ore \u00e0 infinita bondade de Madre Teresa para proteger sua fam\u00edlia em todos os momentos e dar luz a cada decis\u00e3o que voc\u00ea tomar, seja individual ou coletivamente, esta <\/p>\n","protected":false},"author":1,"featured_media":494,"comment_status":"closed","ping_status":"closed","sticky":false,"template":"","format":"standard","meta":{"rank_math_lock_modified_date":false,"footnotes":""},"categories":[4],"tags":[],"class_list":["post-314","post","type-post","status-publish","format-standard","has-post-thumbnail","hentry","category-familia","has_thumb"],"_links":{"self":[{"href":"https:\/\/oracionsanta.com\/pt\/wp-json\/wp\/v2\/posts\/314","targetHints":{"allow":["GET"]}}],"collection":[{"href":"https:\/\/oracionsanta.com\/pt\/wp-json\/wp\/v2\/posts"}],"about":[{"href":"https:\/\/oracionsanta.com\/pt\/wp-json\/wp\/v2\/types\/post"}],"author":[{"embeddable":true,"href":"https:\/\/oracionsanta.com\/pt\/wp-json\/wp\/v2\/users\/1"}],"replies":[{"embeddable":true,"href":"https:\/\/oracionsanta.com\/pt\/wp-json\/wp\/v2\/comments?post=314"}],"version-history":[{"count":0,"href":"https:\/\/oracionsanta.com\/pt\/wp-json\/wp\/v2\/posts\/314\/revisions"}],"wp:featuredmedia":[{"embeddable":true,"href":"https:\/\/oracionsanta.com\/pt\/wp-json\/wp\/v2\/media\/494"}],"wp:attachment":[{"href":"https:\/\/oracionsanta.com\/pt\/wp-json\/wp\/v2\/media?parent=314"}],"wp:term":[{"taxonomy":"category","embeddable":true,"href":"https:\/\/oracionsanta.com\/pt\/wp-json\/wp\/v2\/categories?post=314"},{"taxonomy":"post_tag","embeddable":true,"href":"https:\/\/oracionsanta.com\/pt\/wp-json\/wp\/v2\/tags?post=314"}],"curies":[{"name":"wp","href":"https:\/\/api.w.org\/{rel}","templated":true}]}}